{"id":1551,"date":"2021-11-12T22:51:11","date_gmt":"2021-11-12T22:51:11","guid":{"rendered":"https:\/\/mdssc2025stg.wpenginepowered.com\/2021\/11\/12\/notre-prochaine-seance-dinformation-sur-le-fonds-des-legs-aura-lieu-bientot\/"},"modified":"2025-08-04T18:15:23","modified_gmt":"2025-08-04T18:15:23","slug":"notre-prochaine-seance-dinformation-sur-le-fonds-des-legs-aura-lieu-bientot","status":"publish","type":"post","link":"https:\/\/mcleanlegacyfund.ca\/fr\/2021\/11\/12\/notre-prochaine-seance-dinformation-sur-le-fonds-des-legs-aura-lieu-bientot\/","title":{"rendered":"Notre prochaine s\u00e9ance d&rsquo;information sur le Fonds des legs aura lieu bient\u00f4t!"},"content":{"rendered":"\t\t<div data-elementor-type=\"wp-post\" data-elementor-id=\"1551\" class=\"elementor elementor-1551 elementor-1220\" data-elementor-post-type=\"post\">\n\t\t\t\t<div class=\"elementor-element elementor-element-6604c3a7 e-con-full e-flex e-con e-parent\" data-id=\"6604c3a7\" data-element_type=\"container\" data-e-type=\"container\">\n\t\t\t\t<div class=\"elementor-element elementor-element-5b6cb45f elementor-widget elementor-widget-text-editor\" data-id=\"5b6cb45f\" data-element_type=\"widget\" data-e-type=\"widget\" data-widget_type=\"text-editor.default\">\n\t\t\t\t\t\t\t\t\t<div class=\"wp-block-image\"><div class=\"wp-block-image\"><div class=\"wp-block-image\"><div class=\"wp-block-image\"><img decoding=\"async\" class=\"wpa-warning wpa-image-missing-alt size-medium wp-image-1225 alignleft\" src=\"https:\/\/mcleanlegacyfund.ca\/wp-content\/uploads\/2025\/07\/Picture13-300x157.png\" alt=\"\" width=\"300\" height=\"157\" data-warning=\"Missing alt text\"><\/div><\/div><\/div><\/div><p>Nous invitons tous les survivants des externats indiens f\u00e9d\u00e9raux et leurs familles \u00e0 la prochaine s\u00e9ance d&rsquo;information sur le Fonds des legs, qui aura lieu le 16 novembre 2021 \u00e0 16 h HNE.<\/p><p>La s\u00e9ance d&rsquo;information sur le Fonds des legs est un \u00e9v\u00e9nement virtuel d&rsquo;une dur\u00e9e d&rsquo;environ une heure, avec un soutien en sant\u00e9 mentale disponible tout au long de la s\u00e9ance. Cette s\u00e9ance sera suivie d&rsquo;une s\u00e9ance de suivi en sant\u00e9 mentale de 30 minutes.<\/p><p><span style=\"font-size: 1rem;\"><b>\u00c9v\u00e9nement <\/b>: <b>S\u00e9ance d&rsquo;information<\/b> sur le Fonds des legs<\/span><br><b>Date :<\/b> 16 novembre 2021<br><b>Heure :<\/b> 16 h HNE<br><strong>Lien Zoom<\/strong> : https:\/\/bespokeav.zoom.us\/j\/91854296557?pwd=WkNwQTA4NUhRMC9FeklzNjNqWVhKQT09<br><b>Identifiant du webinaire <\/b>: 918 5429 6557<br><strong>Code d&rsquo;acc\u00e8s<\/strong> : 099859<\/p><p>OU EN UN CLIC SUR MOBILE :<br><strong>Canada<\/strong> : +17789072071,,91854296557#,,,,*099859# ou +14388097799,,91854296557#,,,,*099859#<\/p><p>OU PAR T\u00c9L\u00c9PHONE :<br><strong>Canada<\/strong> : +1 778 907 2071 or +1 438 809 7799 or +1 587 328 1099 or +1 613 209 3054 or +1 647 374 4685 or +1 647 558 0588<\/p><p><strong>\u00c9tats-Unis <\/strong>: +1 646 558 8656 ou +1 651 372 8299 ou +1 669 219 2599 ou +1 669 900 6833 ou +1 720 928 9299 ou +1 786 635 1003 ou +1 9 71 247 1195 ou +1 206 337 9723 ou +1 213 338 8477 ou +1 253 215 8782 ou +1 267 831 0333 ou +1 301 715 8592 ou +1 312 6 26 6799 ou +1 346 248 7799 ou +1 470 250 9358 ou +1 470 381 2552 ou +1 602 753 0140 ou +1 646 518 9805<br><strong>Num\u00e9ros internationaux disponibles<\/strong> : https:\/\/bespokeav.zoom.us\/u\/auchMLJru<br>OU UN SYST\u00c8ME DE SALLE H.323\/SIP :<\/p><p><strong>H.323<\/strong> :<br>162.255.37.11 (Ouest des \u00c9tats-Unis)<br>162.255.36.11 (Est des \u00c9tats-Unis)<br>221.122.88.195 (Chine)<br>115.114.131.7 (Inde, Mumbai)<br>115.114.115.7 (Inde, Hyderabad)<br>213.19.144.110 (Amsterdam, Pays-Bas)<br>213.244.140.110 (Allemagne)<br>103.122.166.55 (Australie, Sydney)<br>103.122.167.55 (Australie, Melbourne)<br>209.9.211.110 (Hong Kong SAR)<br>64.211.144.160 (Br\u00e9sil)<br>69.174.57.160 (Canada, Toronto)<br>65.39.152.160 (Canada, Vancouver)<br>207.226.132.110 (Tokyo, Japon)<br>149.137.24.110 (Osaka, Japon)<br>Identifiant de la r\u00e9union : 918 5429 6557<br>Code d&rsquo;acc\u00e8s : 099859<\/p><p><strong>SIP<\/strong> : 91854296557@zoomcrc.com<br>Code d&rsquo;acc\u00e8s : 099859<\/p><div class=\"wp-block-image\"><img fetchpriority=\"high\" decoding=\"async\" class=\"wpa-warning wpa-image-missing-alt size-medium wp-image-1216 alignright\" src=\"https:\/\/mcleanlegacyfund.ca\/wp-content\/uploads\/2025\/07\/Picture12-285x300.png\" alt=\"\" width=\"285\" height=\"300\" data-warning=\"Missing alt text\"><\/div><p>Cette s\u00e9ance d&rsquo;information virtuelle portera sur notre processus de sensibilisation au Fonds des legs, qui invite les survivants et leurs familles \u00e0 nous faire part directement de leurs commentaires afin de nous aider \u00e0 orienter la mise en \u0153uvre du Fonds des legs et \u00e0 nous assurer qu&rsquo;il r\u00e9pond aux besoins particuliers des survivants. La s\u00e9ance d&rsquo;information sur le Fonds des legs pr\u00e9sentera les diff\u00e9rentes fa\u00e7ons de fournir des commentaires, notamment par le biais de l&rsquo;engagement num\u00e9rique et des s\u00e9ances de sensibilisation r\u00e9gionales. Ces possibilit\u00e9s de participation sont r\u00e9serv\u00e9es aux survivants et \u00e0 leurs familles.<\/p><p>Le Fonds des legs a \u00e9t\u00e9 cr\u00e9\u00e9 pour soutenir quatre domaines principaux : la langue et la culture, la gu\u00e9rison et le mieux-\u00eatre, la comm\u00e9moration et les r\u00e9cits de v\u00e9rit\u00e9. Les subventions du Fonds des legs seront accord\u00e9es sur la base de propositions \u00e9manant d&rsquo;organisations \u00e0 but non lucratif, de groupes communautaires et d&rsquo;autres entit\u00e9s.<\/p><p>Il est important pour nous que les voix des survivants et de leurs familles restent au c\u0153ur du travail de la MDSSC, et elles seront essentielles pour informer l&rsquo;administration et la mise en \u0153uvre du Fonds des legs, y compris les proc\u00e9dures de demande de subvention.<\/p>\t\t\t\t\t\t\t\t<\/div>\n\t\t\t\t<\/div>\n\t\t\t\t<\/div>\n\t\t","protected":false},"excerpt":{"rendered":"<p>La MDSCC invite les survivants et leurs familles \u00e0 une s\u00e9ance d&rsquo;information virtuelle sur le Fonds des legs le 16 novembre, qui portera notamment sur les soins de suivi et le soutien en mati\u00e8re de sant\u00e9 mentale.<\/p>\n","protected":false},"author":1,"featured_media":0,"comment_status":"closed","ping_status":"open","sticky":false,"template":"","format":"standard","meta":{"footnotes":""},"categories":[19],"tags":[],"class_list":["post-1551","post","type-post","status-publish","format-standard","hentry","category-non-categorise"],"yoast_head":"<!-- This site is optimized with the Yoast SEO plugin v27.4 - https:\/\/yoast.com\/product\/yoast-seo-wordpress\/ -->\n<title>Notre prochaine s\u00e9ance d&#039;information sur le Fonds des legs aura lieu bient\u00f4t! - McLean Day Schools Settlement Corporation<\/title>\n<meta name=\"robots\" content=\"index, follow, max-snippet:-1, max-image-preview:large, max-video-preview:-1\" \/>\n<link rel=\"canonical\" href=\"https:\/\/mcleanlegacyfund.ca\/fr\/2021\/11\/12\/notre-prochaine-seance-dinformation-sur-le-fonds-des-legs-aura-lieu-bientot\/\" \/>\n<meta property=\"og:locale\" content=\"fr_FR\" \/>\n<meta property=\"og:type\" content=\"article\" \/>\n<meta property=\"og:title\" content=\"Notre prochaine s\u00e9ance d&#039;information sur le Fonds des legs aura lieu bient\u00f4t! - McLean Day Schools Settlement Corporation\" \/>\n<meta property=\"og:description\" content=\"La MDSCC invite les survivants et leurs familles \u00e0 une s\u00e9ance d&#039;information virtuelle sur le Fonds des legs le 16 novembre, qui portera notamment sur les soins de suivi et le soutien en mati\u00e8re de sant\u00e9 mentale.\" \/>\n<meta property=\"og:url\" content=\"https:\/\/mcleanlegacyfund.ca\/fr\/2021\/11\/12\/notre-prochaine-seance-dinformation-sur-le-fonds-des-legs-aura-lieu-bientot\/\" \/>\n<meta property=\"og:site_name\" content=\"McLean Day Schools Settlement Corporation\" \/>\n<meta property=\"article:publisher\" content=\"https:\/\/www.facebook.com\/profile.php?id=100072622713045\" \/>\n<meta property=\"article:published_time\" content=\"2021-11-12T22:51:11+00:00\" \/>\n<meta property=\"article:modified_time\" content=\"2025-08-04T18:15:23+00:00\" \/>\n<meta property=\"og:image\" content=\"https:\/\/mcleanlegacyfund.ca\/wp-content\/uploads\/2025\/07\/Picture13.webp\" \/>\n\t<meta property=\"og:image:width\" content=\"315\" \/>\n\t<meta property=\"og:image:height\" content=\"165\" \/>\n\t<meta property=\"og:image:type\" content=\"image\/webp\" \/>\n<meta name=\"author\" content=\"sasha\" \/>\n<meta name=\"twitter:card\" content=\"summary_large_image\" \/>\n<meta name=\"twitter:creator\" content=\"@mcleanlegacy\" \/>\n<meta name=\"twitter:site\" content=\"@mcleanlegacy\" \/>\n<meta name=\"twitter:label1\" content=\"\u00c9crit par\" \/>\n\t<meta name=\"twitter:data1\" content=\"sasha\" \/>\n\t<meta name=\"twitter:label2\" content=\"Dur\u00e9e de lecture estim\u00e9e\" \/>\n\t<meta name=\"twitter:data2\" content=\"2 minutes\" \/>\n<script type=\"application\/ld+json\" class=\"yoast-schema-graph\">{\"@context\":\"https:\\\/\\\/schema.org\",\"@graph\":[{\"@type\":\"Article\",\"@id\":\"https:\\\/\\\/mcleanlegacyfund.ca\\\/fr\\\/2021\\\/11\\\/12\\\/notre-prochaine-seance-dinformation-sur-le-fonds-des-legs-aura-lieu-bientot\\\/#article\",\"isPartOf\":{\"@id\":\"https:\\\/\\\/mcleanlegacyfund.ca\\\/fr\\\/2021\\\/11\\\/12\\\/notre-prochaine-seance-dinformation-sur-le-fonds-des-legs-aura-lieu-bientot\\\/\"},\"author\":{\"name\":\"sasha\",\"@id\":\"https:\\\/\\\/mcleanlegacyfund.ca\\\/fr\\\/#\\\/schema\\\/person\\\/b13fe6765dcb976579f2ee536d490e46\"},\"headline\":\"Notre prochaine s\u00e9ance d&rsquo;information sur le Fonds des legs aura lieu bient\u00f4t!\",\"datePublished\":\"2021-11-12T22:51:11+00:00\",\"dateModified\":\"2025-08-04T18:15:23+00:00\",\"mainEntityOfPage\":{\"@id\":\"https:\\\/\\\/mcleanlegacyfund.ca\\\/fr\\\/2021\\\/11\\\/12\\\/notre-prochaine-seance-dinformation-sur-le-fonds-des-legs-aura-lieu-bientot\\\/\"},\"wordCount\":453,\"publisher\":{\"@id\":\"https:\\\/\\\/mcleanlegacyfund.ca\\\/fr\\\/#organization\"},\"image\":{\"@id\":\"https:\\\/\\\/mcleanlegacyfund.ca\\\/fr\\\/2021\\\/11\\\/12\\\/notre-prochaine-seance-dinformation-sur-le-fonds-des-legs-aura-lieu-bientot\\\/#primaryimage\"},\"thumbnailUrl\":\"https:\\\/\\\/mcleanlegacyfund.ca\\\/wp-content\\\/uploads\\\/2025\\\/07\\\/Picture13-300x157.png\",\"articleSection\":[\"Non cat\u00e9goris\u00e9\"],\"inLanguage\":\"fr-FR\"},{\"@type\":\"WebPage\",\"@id\":\"https:\\\/\\\/mcleanlegacyfund.ca\\\/fr\\\/2021\\\/11\\\/12\\\/notre-prochaine-seance-dinformation-sur-le-fonds-des-legs-aura-lieu-bientot\\\/\",\"url\":\"https:\\\/\\\/mcleanlegacyfund.ca\\\/fr\\\/2021\\\/11\\\/12\\\/notre-prochaine-seance-dinformation-sur-le-fonds-des-legs-aura-lieu-bientot\\\/\",\"name\":\"Notre prochaine s\u00e9ance d'information sur le Fonds des legs aura lieu bient\u00f4t! - McLean Day Schools Settlement Corporation\",\"isPartOf\":{\"@id\":\"https:\\\/\\\/mcleanlegacyfund.ca\\\/fr\\\/#website\"},\"primaryImageOfPage\":{\"@id\":\"https:\\\/\\\/mcleanlegacyfund.ca\\\/fr\\\/2021\\\/11\\\/12\\\/notre-prochaine-seance-dinformation-sur-le-fonds-des-legs-aura-lieu-bientot\\\/#primaryimage\"},\"image\":{\"@id\":\"https:\\\/\\\/mcleanlegacyfund.ca\\\/fr\\\/2021\\\/11\\\/12\\\/notre-prochaine-seance-dinformation-sur-le-fonds-des-legs-aura-lieu-bientot\\\/#primaryimage\"},\"thumbnailUrl\":\"https:\\\/\\\/mcleanlegacyfund.ca\\\/wp-content\\\/uploads\\\/2025\\\/07\\\/Picture13-300x157.png\",\"datePublished\":\"2021-11-12T22:51:11+00:00\",\"dateModified\":\"2025-08-04T18:15:23+00:00\",\"breadcrumb\":{\"@id\":\"https:\\\/\\\/mcleanlegacyfund.ca\\\/fr\\\/2021\\\/11\\\/12\\\/notre-prochaine-seance-dinformation-sur-le-fonds-des-legs-aura-lieu-bientot\\\/#breadcrumb\"},\"inLanguage\":\"fr-FR\",\"potentialAction\":[{\"@type\":\"ReadAction\",\"target\":[\"https:\\\/\\\/mcleanlegacyfund.ca\\\/fr\\\/2021\\\/11\\\/12\\\/notre-prochaine-seance-dinformation-sur-le-fonds-des-legs-aura-lieu-bientot\\\/\"]}]},{\"@type\":\"ImageObject\",\"inLanguage\":\"fr-FR\",\"@id\":\"https:\\\/\\\/mcleanlegacyfund.ca\\\/fr\\\/2021\\\/11\\\/12\\\/notre-prochaine-seance-dinformation-sur-le-fonds-des-legs-aura-lieu-bientot\\\/#primaryimage\",\"url\":\"https:\\\/\\\/mcleanlegacyfund.ca\\\/wp-content\\\/uploads\\\/2025\\\/07\\\/Picture13-300x157.png\",\"contentUrl\":\"https:\\\/\\\/mcleanlegacyfund.ca\\\/wp-content\\\/uploads\\\/2025\\\/07\\\/Picture13-300x157.png\"},{\"@type\":\"BreadcrumbList\",\"@id\":\"https:\\\/\\\/mcleanlegacyfund.ca\\\/fr\\\/2021\\\/11\\\/12\\\/notre-prochaine-seance-dinformation-sur-le-fonds-des-legs-aura-lieu-bientot\\\/#breadcrumb\",\"itemListElement\":[{\"@type\":\"ListItem\",\"position\":1,\"name\":\"Home\",\"item\":\"https:\\\/\\\/mcleanlegacyfund.ca\\\/fr\\\/\"},{\"@type\":\"ListItem\",\"position\":2,\"name\":\"Notre prochaine s\u00e9ance d&rsquo;information sur le Fonds des legs aura lieu bient\u00f4t!\"}]},{\"@type\":\"WebSite\",\"@id\":\"https:\\\/\\\/mcleanlegacyfund.ca\\\/fr\\\/#website\",\"url\":\"https:\\\/\\\/mcleanlegacyfund.ca\\\/fr\\\/\",\"name\":\"McLean Day Schools Settlement Corporation\",\"description\":\"The Federal Indian Day School Legacy Fund Website\",\"publisher\":{\"@id\":\"https:\\\/\\\/mcleanlegacyfund.ca\\\/fr\\\/#organization\"},\"potentialAction\":[{\"@type\":\"SearchAction\",\"target\":{\"@type\":\"EntryPoint\",\"urlTemplate\":\"https:\\\/\\\/mcleanlegacyfund.ca\\\/fr\\\/?s={search_term_string}\"},\"query-input\":{\"@type\":\"PropertyValueSpecification\",\"valueRequired\":true,\"valueName\":\"search_term_string\"}}],\"inLanguage\":\"fr-FR\"},{\"@type\":\"Organization\",\"@id\":\"https:\\\/\\\/mcleanlegacyfund.ca\\\/fr\\\/#organization\",\"name\":\"McLean Day Schools Settlement Corporation\",\"url\":\"https:\\\/\\\/mcleanlegacyfund.ca\\\/fr\\\/\",\"logo\":{\"@type\":\"ImageObject\",\"inLanguage\":\"fr-FR\",\"@id\":\"https:\\\/\\\/mcleanlegacyfund.ca\\\/fr\\\/#\\\/schema\\\/logo\\\/image\\\/\",\"url\":\"https:\\\/\\\/mcleanlegacyfund.ca\\\/wp-content\\\/uploads\\\/2025\\\/07\\\/logo.png\",\"contentUrl\":\"https:\\\/\\\/mcleanlegacyfund.ca\\\/wp-content\\\/uploads\\\/2025\\\/07\\\/logo.png\",\"width\":390,\"height\":154,\"caption\":\"McLean Day Schools Settlement Corporation\"},\"image\":{\"@id\":\"https:\\\/\\\/mcleanlegacyfund.ca\\\/fr\\\/#\\\/schema\\\/logo\\\/image\\\/\"},\"sameAs\":[\"https:\\\/\\\/www.facebook.com\\\/profile.php?id=100072622713045\",\"https:\\\/\\\/x.com\\\/mcleanlegacy\"]},{\"@type\":\"Person\",\"@id\":\"https:\\\/\\\/mcleanlegacyfund.ca\\\/fr\\\/#\\\/schema\\\/person\\\/b13fe6765dcb976579f2ee536d490e46\",\"name\":\"sasha\",\"image\":{\"@type\":\"ImageObject\",\"inLanguage\":\"fr-FR\",\"@id\":\"https:\\\/\\\/secure.gravatar.com\\\/avatar\\\/98de210e13594d3a072323b434b16993871e101f8b1ac2eaec420e6c14de4e97?s=96&d=mm&r=g\",\"url\":\"https:\\\/\\\/secure.gravatar.com\\\/avatar\\\/98de210e13594d3a072323b434b16993871e101f8b1ac2eaec420e6c14de4e97?s=96&d=mm&r=g\",\"contentUrl\":\"https:\\\/\\\/secure.gravatar.com\\\/avatar\\\/98de210e13594d3a072323b434b16993871e101f8b1ac2eaec420e6c14de4e97?s=96&d=mm&r=g\",\"caption\":\"sasha\"},\"sameAs\":[\"https:\\\/\\\/mcleanlegacyfund.ca\"],\"url\":\"https:\\\/\\\/mcleanlegacyfund.ca\\\/fr\\\/author\\\/sasha\\\/\"}]}<\/script>\n<!-- \/ Yoast SEO plugin. -->","yoast_head_json":{"title":"Notre prochaine s\u00e9ance d'information sur le Fonds des legs aura lieu bient\u00f4t! - McLean Day Schools Settlement Corporation","robots":{"index":"index","follow":"follow","max-snippet":"max-snippet:-1","max-image-preview":"max-image-preview:large","max-video-preview":"max-video-preview:-1"},"canonical":"https:\/\/mcleanlegacyfund.ca\/fr\/2021\/11\/12\/notre-prochaine-seance-dinformation-sur-le-fonds-des-legs-aura-lieu-bientot\/","og_locale":"fr_FR","og_type":"article","og_title":"Notre prochaine s\u00e9ance d'information sur le Fonds des legs aura lieu bient\u00f4t! - McLean Day Schools Settlement Corporation","og_description":"La MDSCC invite les survivants et leurs familles \u00e0 une s\u00e9ance d'information virtuelle sur le Fonds des legs le 16 novembre, qui portera notamment sur les soins de suivi et le soutien en mati\u00e8re de sant\u00e9 mentale.","og_url":"https:\/\/mcleanlegacyfund.ca\/fr\/2021\/11\/12\/notre-prochaine-seance-dinformation-sur-le-fonds-des-legs-aura-lieu-bientot\/","og_site_name":"McLean Day Schools Settlement Corporation","article_publisher":"https:\/\/www.facebook.com\/profile.php?id=100072622713045","article_published_time":"2021-11-12T22:51:11+00:00","article_modified_time":"2025-08-04T18:15:23+00:00","og_image":[{"width":315,"height":165,"url":"https:\/\/mcleanlegacyfund.ca\/wp-content\/uploads\/2025\/07\/Picture13.webp","type":"image\/webp"}],"author":"sasha","twitter_card":"summary_large_image","twitter_creator":"@mcleanlegacy","twitter_site":"@mcleanlegacy","twitter_misc":{"\u00c9crit par":"sasha","Dur\u00e9e de lecture estim\u00e9e":"2 minutes"},"schema":{"@context":"https:\/\/schema.org","@graph":[{"@type":"Article","@id":"https:\/\/mcleanlegacyfund.ca\/fr\/2021\/11\/12\/notre-prochaine-seance-dinformation-sur-le-fonds-des-legs-aura-lieu-bientot\/#article","isPartOf":{"@id":"https:\/\/mcleanlegacyfund.ca\/fr\/2021\/11\/12\/notre-prochaine-seance-dinformation-sur-le-fonds-des-legs-aura-lieu-bientot\/"},"author":{"name":"sasha","@id":"https:\/\/mcleanlegacyfund.ca\/fr\/#\/schema\/person\/b13fe6765dcb976579f2ee536d490e46"},"headline":"Notre prochaine s\u00e9ance d&rsquo;information sur le Fonds des legs aura lieu bient\u00f4t!","datePublished":"2021-11-12T22:51:11+00:00","dateModified":"2025-08-04T18:15:23+00:00","mainEntityOfPage":{"@id":"https:\/\/mcleanlegacyfund.ca\/fr\/2021\/11\/12\/notre-prochaine-seance-dinformation-sur-le-fonds-des-legs-aura-lieu-bientot\/"},"wordCount":453,"publisher":{"@id":"https:\/\/mcleanlegacyfund.ca\/fr\/#organization"},"image":{"@id":"https:\/\/mcleanlegacyfund.ca\/fr\/2021\/11\/12\/notre-prochaine-seance-dinformation-sur-le-fonds-des-legs-aura-lieu-bientot\/#primaryimage"},"thumbnailUrl":"https:\/\/mcleanlegacyfund.ca\/wp-content\/uploads\/2025\/07\/Picture13-300x157.png","articleSection":["Non cat\u00e9goris\u00e9"],"inLanguage":"fr-FR"},{"@type":"WebPage","@id":"https:\/\/mcleanlegacyfund.ca\/fr\/2021\/11\/12\/notre-prochaine-seance-dinformation-sur-le-fonds-des-legs-aura-lieu-bientot\/","url":"https:\/\/mcleanlegacyfund.ca\/fr\/2021\/11\/12\/notre-prochaine-seance-dinformation-sur-le-fonds-des-legs-aura-lieu-bientot\/","name":"Notre prochaine s\u00e9ance d'information sur le Fonds des legs aura lieu bient\u00f4t! - McLean Day Schools Settlement Corporation","isPartOf":{"@id":"https:\/\/mcleanlegacyfund.ca\/fr\/#website"},"primaryImageOfPage":{"@id":"https:\/\/mcleanlegacyfund.ca\/fr\/2021\/11\/12\/notre-prochaine-seance-dinformation-sur-le-fonds-des-legs-aura-lieu-bientot\/#primaryimage"},"image":{"@id":"https:\/\/mcleanlegacyfund.ca\/fr\/2021\/11\/12\/notre-prochaine-seance-dinformation-sur-le-fonds-des-legs-aura-lieu-bientot\/#primaryimage"},"thumbnailUrl":"https:\/\/mcleanlegacyfund.ca\/wp-content\/uploads\/2025\/07\/Picture13-300x157.png","datePublished":"2021-11-12T22:51:11+00:00","dateModified":"2025-08-04T18:15:23+00:00","breadcrumb":{"@id":"https:\/\/mcleanlegacyfund.ca\/fr\/2021\/11\/12\/notre-prochaine-seance-dinformation-sur-le-fonds-des-legs-aura-lieu-bientot\/#breadcrumb"},"inLanguage":"fr-FR","potentialAction":[{"@type":"ReadAction","target":["https:\/\/mcleanlegacyfund.ca\/fr\/2021\/11\/12\/notre-prochaine-seance-dinformation-sur-le-fonds-des-legs-aura-lieu-bientot\/"]}]},{"@type":"ImageObject","inLanguage":"fr-FR","@id":"https:\/\/mcleanlegacyfund.ca\/fr\/2021\/11\/12\/notre-prochaine-seance-dinformation-sur-le-fonds-des-legs-aura-lieu-bientot\/#primaryimage","url":"https:\/\/mcleanlegacyfund.ca\/wp-content\/uploads\/2025\/07\/Picture13-300x157.png","contentUrl":"https:\/\/mcleanlegacyfund.ca\/wp-content\/uploads\/2025\/07\/Picture13-300x157.png"},{"@type":"BreadcrumbList","@id":"https:\/\/mcleanlegacyfund.ca\/fr\/2021\/11\/12\/notre-prochaine-seance-dinformation-sur-le-fonds-des-legs-aura-lieu-bientot\/#breadcrumb","itemListElement":[{"@type":"ListItem","position":1,"name":"Home","item":"https:\/\/mcleanlegacyfund.ca\/fr\/"},{"@type":"ListItem","position":2,"name":"Notre prochaine s\u00e9ance d&rsquo;information sur le Fonds des legs aura lieu bient\u00f4t!"}]},{"@type":"WebSite","@id":"https:\/\/mcleanlegacyfund.ca\/fr\/#website","url":"https:\/\/mcleanlegacyfund.ca\/fr\/","name":"McLean Day Schools Settlement Corporation","description":"The Federal Indian Day School Legacy Fund Website","publisher":{"@id":"https:\/\/mcleanlegacyfund.ca\/fr\/#organization"},"potentialAction":[{"@type":"SearchAction","target":{"@type":"EntryPoint","urlTemplate":"https:\/\/mcleanlegacyfund.ca\/fr\/?s={search_term_string}"},"query-input":{"@type":"PropertyValueSpecification","valueRequired":true,"valueName":"search_term_string"}}],"inLanguage":"fr-FR"},{"@type":"Organization","@id":"https:\/\/mcleanlegacyfund.ca\/fr\/#organization","name":"McLean Day Schools Settlement Corporation","url":"https:\/\/mcleanlegacyfund.ca\/fr\/","logo":{"@type":"ImageObject","inLanguage":"fr-FR","@id":"https:\/\/mcleanlegacyfund.ca\/fr\/#\/schema\/logo\/image\/","url":"https:\/\/mcleanlegacyfund.ca\/wp-content\/uploads\/2025\/07\/logo.png","contentUrl":"https:\/\/mcleanlegacyfund.ca\/wp-content\/uploads\/2025\/07\/logo.png","width":390,"height":154,"caption":"McLean Day Schools Settlement Corporation"},"image":{"@id":"https:\/\/mcleanlegacyfund.ca\/fr\/#\/schema\/logo\/image\/"},"sameAs":["https:\/\/www.facebook.com\/profile.php?id=100072622713045","https:\/\/x.com\/mcleanlegacy"]},{"@type":"Person","@id":"https:\/\/mcleanlegacyfund.ca\/fr\/#\/schema\/person\/b13fe6765dcb976579f2ee536d490e46","name":"sasha","image":{"@type":"ImageObject","inLanguage":"fr-FR","@id":"https:\/\/secure.gravatar.com\/avatar\/98de210e13594d3a072323b434b16993871e101f8b1ac2eaec420e6c14de4e97?s=96&d=mm&r=g","url":"https:\/\/secure.gravatar.com\/avatar\/98de210e13594d3a072323b434b16993871e101f8b1ac2eaec420e6c14de4e97?s=96&d=mm&r=g","contentUrl":"https:\/\/secure.gravatar.com\/avatar\/98de210e13594d3a072323b434b16993871e101f8b1ac2eaec420e6c14de4e97?s=96&d=mm&r=g","caption":"sasha"},"sameAs":["https:\/\/mcleanlegacyfund.ca"],"url":"https:\/\/mcleanlegacyfund.ca\/fr\/author\/sasha\/"}]}},"_links":{"self":[{"href":"https:\/\/mcleanlegacyfund.ca\/fr\/wp-json\/wp\/v2\/posts\/1551","targetHints":{"allow":["GET"]}}],"collection":[{"href":"https:\/\/mcleanlegacyfund.ca\/fr\/wp-json\/wp\/v2\/posts"}],"about":[{"href":"https:\/\/mcleanlegacyfund.ca\/fr\/wp-json\/wp\/v2\/types\/post"}],"author":[{"embeddable":true,"href":"https:\/\/mcleanlegacyfund.ca\/fr\/wp-json\/wp\/v2\/users\/1"}],"replies":[{"embeddable":true,"href":"https:\/\/mcleanlegacyfund.ca\/fr\/wp-json\/wp\/v2\/comments?post=1551"}],"version-history":[{"count":0,"href":"https:\/\/mcleanlegacyfund.ca\/fr\/wp-json\/wp\/v2\/posts\/1551\/revisions"}],"wp:attachment":[{"href":"https:\/\/mcleanlegacyfund.ca\/fr\/wp-json\/wp\/v2\/media?parent=1551"}],"wp:term":[{"taxonomy":"category","embeddable":true,"href":"https:\/\/mcleanlegacyfund.ca\/fr\/wp-json\/wp\/v2\/categories?post=1551"},{"taxonomy":"post_tag","embeddable":true,"href":"https:\/\/mcleanlegacyfund.ca\/fr\/wp-json\/wp\/v2\/tags?post=1551"}],"curies":[{"name":"wp","href":"https:\/\/api.w.org\/{rel}","templated":true}]}}